{"id":85,"date":"2006-09-30T22:12:01","date_gmt":"2006-09-30T20:12:01","guid":{"rendered":"http:\/\/gafu.de\/wp_alt\/?p=83"},"modified":"2014-04-21T17:54:23","modified_gmt":"2014-04-21T15:54:23","slug":"rallye-breitenhain","status":"publish","type":"post","link":"http:\/\/blog.gafu.de\/?p=85","title":{"rendered":"Rallye Breitenhain"},"content":{"rendered":"<p>Heute habe ich zur Streckenabsicherung einer Rallye einen Funkposten \u00fcbernommen.<\/p>\n<p>Hier ein Foto eines Trabant, der dabei zu Schaden kam .. hat sich in einer Kurve \u00fcberschlagen. Dank der eingebauten Versteifungen kam der Fahrer mit paar blauen Flecken davon.<br \/>\n<img decoding=\"async\" title=\"Trabant nach Unfall\" alt=\"Trabant nach Unfall\" src=\"http:\/\/blog.gafu.de\/wp-content\/2006\/09\/rallyetrabant.jpg\" \/><\/p>\n<p>Zum Schlu\u00df noch ein kleines Video von einem Trabi, der bei einem Unfall auf der Strecke das linke Hinterrad verlor&#8230;.<br \/>\n<a href=\"http:\/\/blog.gafu.de\/wp-content\/2006\/09\/rallye.avi\">Video ansehen<\/a><\/p>\n","protected":false},"excerpt":{"rendered":"<p>Heute habe ich zur Streckenabsicherung einer Rallye einen Funkposten \u00fcbernommen. Hier ein Foto eines Trabant, der dabei zu Schaden kam .. hat sich in einer Kurve \u00fcberschlagen. Dank der eingebauten Versteifungen kam der Fahrer mit paar blauen Flecken davon. Zum Schlu\u00df noch ein kleines Video von einem Trabi, der bei einem Unfall auf der Strecke [&hellip;]<\/p>\n","protected":false},"author":2,"featured_media":0,"comment_status":"open","ping_status":"closed","sticky":false,"template":"","format":"standard","meta":{"footnotes":""},"categories":[2,6],"tags":[389,643,388,390],"class_list":["post-85","post","type-post","status-publish","format-standard","hentry","category-auto","category-funk","tag-breitenhein","tag-funk","tag-rallye","tag-tourenwagen"],"_links":{"self":[{"href":"http:\/\/blog.gafu.de\/index.php?rest_route=\/wp\/v2\/posts\/85","targetHints":{"allow":["GET"]}}],"collection":[{"href":"http:\/\/blog.gafu.de\/index.php?rest_route=\/wp\/v2\/posts"}],"about":[{"href":"http:\/\/blog.gafu.de\/index.php?rest_route=\/wp\/v2\/types\/post"}],"author":[{"embeddable":true,"href":"http:\/\/blog.gafu.de\/index.php?rest_route=\/wp\/v2\/users\/2"}],"replies":[{"embeddable":true,"href":"http:\/\/blog.gafu.de\/index.php?rest_route=%2Fwp%2Fv2%2Fcomments&post=85"}],"version-history":[{"count":1,"href":"http:\/\/blog.gafu.de\/index.php?rest_route=\/wp\/v2\/posts\/85\/revisions"}],"predecessor-version":[{"id":620,"href":"http:\/\/blog.gafu.de\/index.php?rest_route=\/wp\/v2\/posts\/85\/revisions\/620"}],"wp:attachment":[{"href":"http:\/\/blog.gafu.de\/index.php?rest_route=%2Fwp%2Fv2%2Fmedia&parent=85"}],"wp:term":[{"taxonomy":"category","embeddable":true,"href":"http:\/\/blog.gafu.de\/index.php?rest_route=%2Fwp%2Fv2%2Fcategories&post=85"},{"taxonomy":"post_tag","embeddable":true,"href":"http:\/\/blog.gafu.de\/index.php?rest_route=%2Fwp%2Fv2%2Ftags&post=85"}],"curies":[{"name":"wp","href":"https:\/\/api.w.org\/{rel}","templated":true}]}}