{"id":626,"date":"2010-02-15T22:38:22","date_gmt":"2010-02-15T20:38:22","guid":{"rendered":"http:\/\/blog.gafu.de\/?p=626"},"modified":"2014-04-21T23:02:55","modified_gmt":"2014-04-21T21:02:55","slug":"umbau-kleine-mustek-usv","status":"publish","type":"post","link":"http:\/\/blog.gafu.de\/?p=626","title":{"rendered":"Umbau kleine Mustek USV"},"content":{"rendered":"<p>Nachdem gef\u00fchlt &#8222;gerade die Garantie abgelaufen ist&#8220; (wird bestimmt schon 2 Jahre dr\u00fcber sein), ist der Akku meiner kleinen Einzelplatz-USV total Mausetot.<\/p>\n<p>Da ich die Kiste nicht gebraucht gekauft habe, war also ein neuer Akku drin. 4 Jahre sind f\u00fcr einen Gel-Akku jetzt aber auch keine besonderheit &#8211; warum ist er denn schon so tot?<\/p>\n<p>Also erstmal raus mit den Schrauben zur Bestandsaufnahme.<\/p>\n<p><a href=\"http:\/\/blog.gafu.de\/wp-content\/2010\/02\/f3-usv1.jpg\"><img decoding=\"async\" alt=\"USV\" src=\"http:\/\/blog.gafu.de\/wp-content\/2010\/02\/f3-usv1-600.jpg\" \/><\/a><\/p>\n<p><!--more--><br \/>\nDie Steuerplatine h\u00e4ngt kopf\u00fcber im Deckel. Der nachgedunkelte Fleck kommt von der Abw\u00e4rme des dicken stehenden Lastwiderstands und ist wohl ok so. <\/p>\n<p><a href=\"http:\/\/blog.gafu.de\/wp-content\/2010\/02\/f3-usv2.jpg\"><img decoding=\"async\" alt=\"USV\" src=\"http:\/\/blog.gafu.de\/wp-content\/2010\/02\/f3-usv2-600.jpg\" \/><\/a><\/p>\n<p>Der Akku mit 8mm Abstand zum Trafo wird entsprechend ger\u00f6stet, und hatte nun nicht mehr ausreichend Kapazit\u00e4t um die USV einzuschalten, obwohl er die ganze Zeit am Netz hing.<br \/>\nDie Messung der Spannung f\u00fcr die Erhaltungsladung ergibt 13,5V. Das passt zu den hohen Innentemperaturen im Ger\u00e4t. Die paar kleinen Luftl\u00f6cher im Geh\u00e4use sind kaum in der Lage, die W\u00e4rme im normalen Standby-Betrieb abzuf\u00fchren. <\/p>\n<p><a href=\"http:\/\/blog.gafu.de\/wp-content\/2010\/02\/f3-usv3.jpg\"><img decoding=\"async\" alt=\"USV\" src=\"http:\/\/blog.gafu.de\/wp-content\/2010\/02\/f3-usv3-600.jpg\" \/><\/a><\/p>\n<p>Der Akku ist offenbar ausgetrocknet, und macht langsam dicke Backen. Der hat seine guten Zeiten weit hinter sich gelassen und ist reif f\u00fcrs Einschmelzen zur Bleir\u00fcckgewinnung.<\/p>\n<p>Zusammenfassend kann man sagen, das es da drinn einfach zu warm ist, um dem Akku eine hohe Lebensdauer zu gew\u00e4hren.<\/p>\n<p>Da musste eine L\u00f6sung her. Die Frontplatte habe ich mit einer Lochkreiss\u00e4ge auf der St\u00e4nderbohrmaschine um ein 40mm Luftloch erweitert. Am alten Akkueinbauplatz ist ein 80mm Geh\u00e4usel\u00fcfter der sch\u00f6\u00f6\u00f6\u00f6n langsam dreht. Da ich mir unsicher war wegen der Potentiale im Ger\u00e4t wird der von der gr\u00fcnen &#8222;EIN&#8220; Led \u00fcber einen parallel angeschlossenen Optokoppler CNY17 und Kleintransistor in Emitterschaltung mit Energie versorgt. Ein 47 Ohm Lastwiderstand und Einklemmen des L\u00fcfters im USV-Geh\u00e4use mit selbstklebendem Schaumstoff sorgt f\u00fcr nahezu lautlosen Betrieb und ein leichtes L\u00fcftchen durch die alten L\u00fcftungsl\u00f6cher der passiven K\u00fchlung.<\/p>\n<p>Zuguterletzt hat der Akku einen externen Anschluss bekommen und ist so leicht austauschbar, au\u00dferdem konnte ich da gleich von 7 auf 35Ah aufstocken.<\/p>\n<p><a href=\"http:\/\/blog.gafu.de\/wp-content\/2010\/02\/f3-usv4.jpg\"><img decoding=\"async\" alt=\"USV\" src=\"http:\/\/blog.gafu.de\/wp-content\/2010\/02\/f3-usv4-600.jpg\" \/><\/a><\/p>\n<p>Zur Sicherheit ist der Akkuanschlu\u00df in einem Kleingeh\u00e4use gegen Ber\u00fchrung und Kurzschlu\u00df gesch\u00fctzt.<br \/>\nMangels eines passenden Steckverbinders im Inventar habe ich die altmodische L\u00f6sung von Schraubanschl\u00fcssen und Ringkabelschuhen verwendet. Die Kabelschuhe werden dabei direkt aufeinander geschraubt, mit einer Mutter unten und oben. So muss der Strom nicht durch das schlecht Leitf\u00e4hige Eisen, und es lockert sich nichts wenn z.b. das Plastegeh\u00e4use mit der Zeit nachgibt.<\/p>\n<p>Der Akku hat pro Pol 2x 2,5mm parallel, hatte keine dickere Litzenkabel zur Hand. Ein 15 min\u00fctiger Testlauf verlief zu meiner vollsten Zufriedenheit, es hat sich nichts erw\u00e4rmt.<\/p>\n<p>Zur Konservierung noch etwas Silikonspray an die Schrauben und drauf mit dem Deckel.<\/p>\n","protected":false},"excerpt":{"rendered":"<p>Nachdem gef\u00fchlt &#8222;gerade die Garantie abgelaufen ist&#8220; (wird bestimmt schon 2 Jahre dr\u00fcber sein), ist der Akku meiner kleinen Einzelplatz-USV total Mausetot. Da ich die Kiste nicht gebraucht gekauft habe, war also ein neuer Akku drin. 4 Jahre sind f\u00fcr einen Gel-Akku jetzt aber auch keine besonderheit &#8211; warum ist er denn schon so tot? [&hellip;]<\/p>\n","protected":false},"author":2,"featured_media":0,"comment_status":"open","ping_status":"open","sticky":false,"template":"","format":"standard","meta":{"footnotes":""},"categories":[5],"tags":[400,399],"class_list":["post-626","post","type-post","status-publish","format-standard","hentry","category-elektronik-2","tag-bleiakku","tag-usv"],"_links":{"self":[{"href":"http:\/\/blog.gafu.de\/index.php?rest_route=\/wp\/v2\/posts\/626","targetHints":{"allow":["GET"]}}],"collection":[{"href":"http:\/\/blog.gafu.de\/index.php?rest_route=\/wp\/v2\/posts"}],"about":[{"href":"http:\/\/blog.gafu.de\/index.php?rest_route=\/wp\/v2\/types\/post"}],"author":[{"embeddable":true,"href":"http:\/\/blog.gafu.de\/index.php?rest_route=\/wp\/v2\/users\/2"}],"replies":[{"embeddable":true,"href":"http:\/\/blog.gafu.de\/index.php?rest_route=%2Fwp%2Fv2%2Fcomments&post=626"}],"version-history":[{"count":1,"href":"http:\/\/blog.gafu.de\/index.php?rest_route=\/wp\/v2\/posts\/626\/revisions"}],"predecessor-version":[{"id":627,"href":"http:\/\/blog.gafu.de\/index.php?rest_route=\/wp\/v2\/posts\/626\/revisions\/627"}],"wp:attachment":[{"href":"http:\/\/blog.gafu.de\/index.php?rest_route=%2Fwp%2Fv2%2Fmedia&parent=626"}],"wp:term":[{"taxonomy":"category","embeddable":true,"href":"http:\/\/blog.gafu.de\/index.php?rest_route=%2Fwp%2Fv2%2Fcategories&post=626"},{"taxonomy":"post_tag","embeddable":true,"href":"http:\/\/blog.gafu.de\/index.php?rest_route=%2Fwp%2Fv2%2Ftags&post=626"}],"curies":[{"name":"wp","href":"https:\/\/api.w.org\/{rel}","templated":true}]}}