{"id":324,"date":"2009-08-09T21:25:05","date_gmt":"2009-08-09T19:25:05","guid":{"rendered":"http:\/\/blog.gafu.de\/?p=324"},"modified":"2014-04-21T17:25:12","modified_gmt":"2014-04-21T15:25:12","slug":"lautsprecherverstaerker","status":"publish","type":"post","link":"http:\/\/blog.gafu.de\/?p=324","title":{"rendered":"Lautsprecherverst\u00e4rker"},"content":{"rendered":"<p>Ich habe heute fix einen kleinen Lautsprecherverst\u00e4rker zusammengefrickelt, die frage war nur: In welches Geh\u00e4use damit.<\/p>\n<p>An dieser Stelle ist das (fast) keine Zweckentfremdung, ich habe den Verst\u00e4rker in ein Verst\u00e4rkergeh\u00e4use eingebaut, allerdings eins von einem Antennenverst\u00e4rker.<\/p>\n<p>Ein alter BK-Verst\u00e4rker mit nem Netzteil was gut 20W liefert. Das Geh\u00e4use hat sch\u00f6ne K\u00fchlrippen und das eingebaute Netzteil konnte ich weiternutzen: Ein Sekund\u00e4rgetaktetes Schaltnetzteil. Ein einfacher Step-Down-Wandler. Der Trafo liefert 30V und der Verst\u00e4rker lief mit 24V. Das PWM-Netzteil l\u00e4sst sich recht einfach auf 14V umstellen durch \u00e4ndern des Me\u00df-Spanungsteilers. Schon passt die Spannung zu meinem Verst\u00e4rkerchen.<\/p>\n<p>Eine Halbleiterdiode in Reihe erlaubt das Anschlie\u00dfen einer externen Spannungsquelle (noch keine Anschlussbuchse drann, aber das kann ja noch werden) z.B. ein Bleiakku, der mit dem eingebauten Netzteil auch dauergeladen werden k\u00f6nnte.<\/p>\n<p>Das ganze garniert mit einer Lautsprecherkabelklemme, und schon ist ein neues gebrauchsfertiges Ger\u00e4t entstanden vom Geh\u00e4usetyp &#8222;Atomsicher&#8220;.<\/p>\n<p><img decoding=\"async\" src=\"http:\/\/blog.gafu.de\/wp-content\/2009\/08\/verstaerker-verstaerker.jpg\" alt=\"Verst\u00e4rker im Verst\u00e4rkergeh\u00e4use\" \/><\/p>\n","protected":false},"excerpt":{"rendered":"<p>Ich habe heute fix einen kleinen Lautsprecherverst\u00e4rker zusammengefrickelt, die frage war nur: In welches Geh\u00e4use damit. An dieser Stelle ist das (fast) keine Zweckentfremdung, ich habe den Verst\u00e4rker in ein Verst\u00e4rkergeh\u00e4use eingebaut, allerdings eins von einem Antennenverst\u00e4rker. Ein alter BK-Verst\u00e4rker mit nem Netzteil was gut 20W liefert. Das Geh\u00e4use hat sch\u00f6ne K\u00fchlrippen und das eingebaute [&hellip;]<\/p>\n","protected":false},"author":2,"featured_media":0,"comment_status":"open","ping_status":"open","sticky":false,"template":"","format":"standard","meta":{"footnotes":""},"categories":[5],"tags":[130],"class_list":["post-324","post","type-post","status-publish","format-standard","hentry","category-elektronik-2","tag-verstaerker"],"_links":{"self":[{"href":"http:\/\/blog.gafu.de\/index.php?rest_route=\/wp\/v2\/posts\/324","targetHints":{"allow":["GET"]}}],"collection":[{"href":"http:\/\/blog.gafu.de\/index.php?rest_route=\/wp\/v2\/posts"}],"about":[{"href":"http:\/\/blog.gafu.de\/index.php?rest_route=\/wp\/v2\/types\/post"}],"author":[{"embeddable":true,"href":"http:\/\/blog.gafu.de\/index.php?rest_route=\/wp\/v2\/users\/2"}],"replies":[{"embeddable":true,"href":"http:\/\/blog.gafu.de\/index.php?rest_route=%2Fwp%2Fv2%2Fcomments&post=324"}],"version-history":[{"count":1,"href":"http:\/\/blog.gafu.de\/index.php?rest_route=\/wp\/v2\/posts\/324\/revisions"}],"predecessor-version":[{"id":325,"href":"http:\/\/blog.gafu.de\/index.php?rest_route=\/wp\/v2\/posts\/324\/revisions\/325"}],"wp:attachment":[{"href":"http:\/\/blog.gafu.de\/index.php?rest_route=%2Fwp%2Fv2%2Fmedia&parent=324"}],"wp:term":[{"taxonomy":"category","embeddable":true,"href":"http:\/\/blog.gafu.de\/index.php?rest_route=%2Fwp%2Fv2%2Fcategories&post=324"},{"taxonomy":"post_tag","embeddable":true,"href":"http:\/\/blog.gafu.de\/index.php?rest_route=%2Fwp%2Fv2%2Ftags&post=324"}],"curies":[{"name":"wp","href":"https:\/\/api.w.org\/{rel}","templated":true}]}}