{"id":267,"date":"2011-07-27T22:48:23","date_gmt":"2011-07-27T20:48:23","guid":{"rendered":"http:\/\/gafu.de\/wp_alt\/?p=267"},"modified":"2014-04-21T16:59:24","modified_gmt":"2014-04-21T14:59:24","slug":"kabelkanal","status":"publish","type":"post","link":"http:\/\/blog.gafu.de\/?p=267","title":{"rendered":"Kabelkanal"},"content":{"rendered":"<p>Neue fisselige Arbeit steht an: in Vorbereitung f\u00fcr die Netzwerkverkabelung installiere ich eine Kabelkanalstecke durch die Zimmer entlang der Fensterwand. Leider sind die Heizk\u00f6rpernieschen im Weg. Da unter den Heizk\u00f6rpern besonders bei den Halterungen zu wenig platz ist, muss der Kanal als &#8222;Girlande&#8220; um die Heizk\u00f6rpernischen gef\u00fchrt werden. Unter den Fensterb\u00e4nken ist zum Gl\u00fcck ausreichend Platz.<\/p>\n<p>Die vielen Ecken lassen das ganze allerdings zum Geduldsspiel werden. Da die Au\u00dfenwand an den Zwischenw\u00e4nden auch noch abgewinkelt ist sitzen die Wanddurchbr\u00fcche nicht in den Ecken. Das kann beim verlegen der Kabel noch interessant werden.<br \/>\n<img decoding=\"async\" src=\"http:\/\/blog.gafu.de\/wp-content\/2011\/09\/kahla-kabelkanal.jpg\" \/><\/p>\n","protected":false},"excerpt":{"rendered":"<p>Neue fisselige Arbeit steht an: in Vorbereitung f\u00fcr die Netzwerkverkabelung installiere ich eine Kabelkanalstecke durch die Zimmer entlang der Fensterwand. Leider sind die Heizk\u00f6rpernieschen im Weg. Da unter den Heizk\u00f6rpern besonders bei den Halterungen zu wenig platz ist, muss der Kanal als &#8222;Girlande&#8220; um die Heizk\u00f6rpernischen gef\u00fchrt werden. Unter den Fensterb\u00e4nken ist zum Gl\u00fcck ausreichend [&hellip;]<\/p>\n","protected":false},"author":2,"featured_media":0,"comment_status":"open","ping_status":"closed","sticky":false,"template":"","format":"standard","meta":{"footnotes":""},"categories":[10],"tags":[148],"class_list":["post-267","post","type-post","status-publish","format-standard","hentry","category-umzug","tag-kabelkanal"],"_links":{"self":[{"href":"http:\/\/blog.gafu.de\/index.php?rest_route=\/wp\/v2\/posts\/267","targetHints":{"allow":["GET"]}}],"collection":[{"href":"http:\/\/blog.gafu.de\/index.php?rest_route=\/wp\/v2\/posts"}],"about":[{"href":"http:\/\/blog.gafu.de\/index.php?rest_route=\/wp\/v2\/types\/post"}],"author":[{"embeddable":true,"href":"http:\/\/blog.gafu.de\/index.php?rest_route=\/wp\/v2\/users\/2"}],"replies":[{"embeddable":true,"href":"http:\/\/blog.gafu.de\/index.php?rest_route=%2Fwp%2Fv2%2Fcomments&post=267"}],"version-history":[{"count":1,"href":"http:\/\/blog.gafu.de\/index.php?rest_route=\/wp\/v2\/posts\/267\/revisions"}],"predecessor-version":[{"id":495,"href":"http:\/\/blog.gafu.de\/index.php?rest_route=\/wp\/v2\/posts\/267\/revisions\/495"}],"wp:attachment":[{"href":"http:\/\/blog.gafu.de\/index.php?rest_route=%2Fwp%2Fv2%2Fmedia&parent=267"}],"wp:term":[{"taxonomy":"category","embeddable":true,"href":"http:\/\/blog.gafu.de\/index.php?rest_route=%2Fwp%2Fv2%2Fcategories&post=267"},{"taxonomy":"post_tag","embeddable":true,"href":"http:\/\/blog.gafu.de\/index.php?rest_route=%2Fwp%2Fv2%2Ftags&post=267"}],"curies":[{"name":"wp","href":"https:\/\/api.w.org\/{rel}","templated":true}]}}