{"id":14,"date":"2004-12-01T17:10:02","date_gmt":"2004-12-01T16:10:02","guid":{"rendered":"http:\/\/gafu.de\/wp_alt\/?p=7"},"modified":"2004-12-01T17:10:02","modified_gmt":"2004-12-01T16:10:02","slug":"arbeitsagentur-die-erste","status":"publish","type":"post","link":"http:\/\/blog.gafu.de\/?p=14","title":{"rendered":"arbeitsagentur die erste"},"content":{"rendered":"<p>Heute noch bis mittag gearbeitet, war es nun mein Ziel die Arbeitsagentur aufzusuchen.<\/p>\n<p>Passend dazu wurde heute Vormittag im Radio berichtet, das die Arbeitsagentur sich seit zwei Jahren kaum in sachen Arbeitsvermittlung verbessert h\u00e4tte. Stattdessen w\u00e4ren die Angestellten und Beamten nun noch weniger bei der Sache, da sie mit den Antr\u00e4gen f\u00fcr Hartz IV \u00fcberlastet seien.<br \/>\nDieser Tage wurde au\u00dferdem versprochen das jeder Hartz-IV-Empf\u00e4nger p\u00fcnktlich sein Geld ausgezahlt bek\u00e4me, wenn er den Antrag <strong>rechtzeitig<\/strong> abgegeben hat. Nicht genannt wurde allerdings, <strong>wann<\/strong> es denn rechtzeitig sei.<\/p>\n<p>Ich musste meinen Besuch bei meiner Arbeitsagentur jedoch schon mal auf morgen verschieben, da die \u00d6ffnungszeiten weiter verk\u00fcrzt wurden.. jetzt gibts nur noch einen einzigen Tag an dem der normal Berufst\u00e4tige eine Chance hat, die Agentur zu erreichen. An allen anderen Tagen ist 12:30 Uhr &#8222;Ladenschlu\u00df&#8220;.<br \/>\nHab ich da jetzt was verpasst? Gehts noch, bei der Arbeitsagentur?? Wer hat sowas verbockt. Externe millionenschwere Berater? Bestimmt.. das w\u00fcrde in das Bild passen, das sich einem bietet..<\/p>\n<p>Ich habe da einen Vorschlag f\u00fcr die Arbeitsagentur, wie sich diese Situation noch weiter verbessern l\u00e4sst: Man k\u00f6nnte die \u00d6ffnungszeiten ja monatlich anpassen.. die Zeiten lie\u00dfen sich per Zufall ermitteln.<\/p>\n<p>Oder etwas ganz einfaches wie die Preisreform der Bahn AG:<br \/>\nMontag: 7 &#8211; 15 Uhr, aber nur am 1. des Monats, wenn der Wohnort mehr als 3,786 km von der Agentur entfernt ist. Mit der Agentur-Card 25 von 8 -17:25 uhr, aber nur nach \u00dcberreichen eines Pr\u00e4sentkorbes an den zust\u00e4ndigen Vermittler. Ausgenommen 7:30 &#8211; 8:15 und 13:10 &#8211; 13:34. Werden zwei Formulare oder mehr Formulare auf einmal eingericht, veringert sich die Bearbeitungszeit auf die H\u00e4lfte, aber nur wenn jedes mindestens 5 Seiten umfasst.<br \/>\nDienstag: &#8230;.<\/p>\n<p>Auf was darf man noch gespannt sein?<\/p>\n<p>Armes Deutschland.<\/p>\n","protected":false},"excerpt":{"rendered":"<p>Heute noch bis mittag gearbeitet, war es nun mein Ziel die Arbeitsagentur aufzusuchen. Passend dazu wurde heute Vormittag im Radio berichtet, das die Arbeitsagentur sich seit zwei Jahren kaum in sachen Arbeitsvermittlung verbessert h\u00e4tte. Stattdessen w\u00e4ren die Angestellten und Beamten nun noch weniger bei der Sache, da sie mit den Antr\u00e4gen f\u00fcr Hartz IV \u00fcberlastet [&hellip;]<\/p>\n","protected":false},"author":2,"featured_media":0,"comment_status":"open","ping_status":"open","sticky":false,"template":"","format":"standard","meta":{"footnotes":""},"categories":[4],"tags":[],"class_list":["post-14","post","type-post","status-publish","format-standard","hentry","category-dies-und-das"],"_links":{"self":[{"href":"http:\/\/blog.gafu.de\/index.php?rest_route=\/wp\/v2\/posts\/14","targetHints":{"allow":["GET"]}}],"collection":[{"href":"http:\/\/blog.gafu.de\/index.php?rest_route=\/wp\/v2\/posts"}],"about":[{"href":"http:\/\/blog.gafu.de\/index.php?rest_route=\/wp\/v2\/types\/post"}],"author":[{"embeddable":true,"href":"http:\/\/blog.gafu.de\/index.php?rest_route=\/wp\/v2\/users\/2"}],"replies":[{"embeddable":true,"href":"http:\/\/blog.gafu.de\/index.php?rest_route=%2Fwp%2Fv2%2Fcomments&post=14"}],"version-history":[{"count":0,"href":"http:\/\/blog.gafu.de\/index.php?rest_route=\/wp\/v2\/posts\/14\/revisions"}],"wp:attachment":[{"href":"http:\/\/blog.gafu.de\/index.php?rest_route=%2Fwp%2Fv2%2Fmedia&parent=14"}],"wp:term":[{"taxonomy":"category","embeddable":true,"href":"http:\/\/blog.gafu.de\/index.php?rest_route=%2Fwp%2Fv2%2Fcategories&post=14"},{"taxonomy":"post_tag","embeddable":true,"href":"http:\/\/blog.gafu.de\/index.php?rest_route=%2Fwp%2Fv2%2Ftags&post=14"}],"curies":[{"name":"wp","href":"https:\/\/api.w.org\/{rel}","templated":true}]}}